{"id":27909,"date":"2026-03-10T12:25:13","date_gmt":"2026-03-10T12:25:13","guid":{"rendered":"https:\/\/ksr-swiss.ch\/?post_type=news&#038;p=27909"},"modified":"2026-03-10T12:25:13","modified_gmt":"2026-03-10T12:25:13","slug":"journees-dessai-moto-2026-venez-tester-nos-modeles-phares-a-derendingen","status":"publish","type":"news","link":"https:\/\/ksr-swiss.ch\/fr\/news\/journees-dessai-moto-2026-venez-tester-nos-modeles-phares-a-derendingen\/","title":{"rendered":"Journ\u00e9es d&rsquo;essai moto 2026 : venez tester nos mod\u00e8les phares \u00e0 Derendingen !"},"content":{"rendered":"","protected":false},"featured_media":0,"template":"","news_type":[],"class_list":["post-27909","news","type-news","status-publish","hentry"],"acf":[],"_links":{"self":[{"href":"https:\/\/ksr-swiss.ch\/fr\/wp-json\/wp\/v2\/news\/27909","targetHints":{"allow":["GET"]}}],"collection":[{"href":"https:\/\/ksr-swiss.ch\/fr\/wp-json\/wp\/v2\/news"}],"about":[{"href":"https:\/\/ksr-swiss.ch\/fr\/wp-json\/wp\/v2\/types\/news"}],"wp:attachment":[{"href":"https:\/\/ksr-swiss.ch\/fr\/wp-json\/wp\/v2\/media?parent=27909"}],"wp:term":[{"taxonomy":"news_type","embeddable":true,"href":"https:\/\/ksr-swiss.ch\/fr\/wp-json\/wp\/v2\/news_type?post=27909"}],"curies":[{"name":"wp","href":"https:\/\/api.w.org\/{rel}","templated":true}]}}